{"id":655,"date":"2013-09-20T18:48:07","date_gmt":"2013-09-20T16:48:07","guid":{"rendered":"http:\/\/www.mali-medicaments.org\/?p=655"},"modified":"2020-03-26T18:28:05","modified_gmt":"2020-03-26T17:28:05","slug":"an-ka-willi-le-temps-du-conte-pour-petites-oreilles","status":"publish","type":"post","link":"https:\/\/www.mali-medicaments.org\/?p=655","title":{"rendered":"An Ka Willi: le temps du conte pour petites oreilles"},"content":{"rendered":"<p><em><strong>Le 18 septembre 2013 \u00e0 la m\u00e9diath\u00e8que Florian \u00e0 Rambouillet beaucoup d&rsquo;\u00e9coute, de plaisirs, de rires chez les grands comme les petits!!!<\/strong><\/em><\/p>\n<p><em><strong>Un grand succ\u00e8s, bravo \u00e0&nbsp;la conteuse, \u00e0 Percey, merci pour la participation de la communaut\u00e9 malienne tant pour l&rsquo;accompagnement en bambara que pour la pr\u00e9paration du gouter.<\/strong><\/em><\/p>\n<p><a href=\"http:\/\/www.mali-medicaments.org\/wp-content\/uploads\/2013\/09\/P1050013.jpg\" rel=\"lightbox[655]\"><img loading=\"lazy\" decoding=\"async\" class=\"alignnone size-medium wp-image-656\" src=\"https:\/\/www.mali-medicaments.org\/wp-content\/uploads\/2013\/09\/P1050013-225x300.jpg\" alt=\"La conteuse distribue 'la troisi\u00e8me oreille'\" width=\"225\" height=\"300\" srcset=\"https:\/\/www.mali-medicaments.org\/wp-content\/uploads\/2013\/09\/P1050013-225x300.jpg 225w, https:\/\/www.mali-medicaments.org\/wp-content\/uploads\/2013\/09\/P1050013-768x1024.jpg 768w\" sizes=\"auto, (max-width: 225px) 100vw, 225px\" \/><\/a><a href=\"http:\/\/www.mali-medicaments.org\/wp-content\/uploads\/2013\/09\/P1050018.jpg\" rel=\"lightbox[655]\"><img loading=\"lazy\" decoding=\"async\" class=\"alignnone size-medium wp-image-657\" src=\"https:\/\/www.mali-medicaments.org\/wp-content\/uploads\/2013\/09\/P1050018-300x225.jpg\" alt=\"le public, grands et petits\" width=\"300\" height=\"225\" srcset=\"https:\/\/www.mali-medicaments.org\/wp-content\/uploads\/2013\/09\/P1050018-300x225.jpg 300w, https:\/\/www.mali-medicaments.org\/wp-content\/uploads\/2013\/09\/P1050018-1024x768.jpg 1024w\" sizes=\"auto, (max-width: 300px) 100vw, 300px\" \/><\/a><a href=\"http:\/\/www.mali-medicaments.org\/wp-content\/uploads\/2013\/09\/P1050021.jpg\" rel=\"lightbox[655]\"><img loading=\"lazy\" decoding=\"async\" class=\"alignnone size-medium wp-image-658\" src=\"https:\/\/www.mali-medicaments.org\/wp-content\/uploads\/2013\/09\/P1050021-300x225.jpg\" alt=\"le conte du lion et du moustique\" width=\"300\" height=\"225\" srcset=\"https:\/\/www.mali-medicaments.org\/wp-content\/uploads\/2013\/09\/P1050021-300x225.jpg 300w, https:\/\/www.mali-medicaments.org\/wp-content\/uploads\/2013\/09\/P1050021-1024x768.jpg 1024w\" sizes=\"auto, (max-width: 300px) 100vw, 300px\" \/><\/a><\/p>\n<p>&nbsp;<\/p>\n<p><b>&#x2665; Extrait article site du Conseil G\u00e9n\u00e9ral, service coop\u00e9ration internationale&nbsp;:<\/b><\/p>\n<p>Lien&nbsp;: <strong><a href=\"http:\/\/www.yvelines.fr\/2013\/09\/19\/ka-wili-cest-aussi-pour-les-enfants\/ \">http:\/\/www.yvelines.fr\/2013\/09\/19\/ka-wili-cest-aussi-pour-les-enfants\/&nbsp;<\/a><\/strong><\/p>\n<p>An ka wili, c\u2019est aussi pour les enfants<\/p>\n<p><b>A l\u2019occasion du programme An ka wili, des activit\u00e9s pour les enfants sont propos\u00e9es dans plusieurs&nbsp; communes des Yvelines. Mercredi &nbsp;dernier, la m\u00e9diath\u00e8que de Rambouillet&nbsp; accueillait la premi\u00e8re apr\u00e8s-midi pour le jeune public. Au programme&nbsp;: contes, musique et go\u00fbter aux couleurs maliennes.<\/b><\/p>\n<p><a href=\"http:\/\/www.yvelines.fr\/wp-content\/uploads\/2013\/conteRambouillet1809-010.jpg\" rel=\"lightbox[655]\"><b> &nbsp; &nbsp; &nbsp; &nbsp; &nbsp; &nbsp; &nbsp; &nbsp; &nbsp; &nbsp; &nbsp; &nbsp; <\/b><\/a><\/p>\n<p>Rassembl\u00e9e autour de la conteuse, la vingtaine d\u2019enfants accompagn\u00e9s de leurs parents ont d\u2019abord re\u00e7u une troisi\u00e8me oreille imaginaire&nbsp;: l\u2019oreille du c\u0153ur. Berc\u00e9s par des chants en bambara, les enfants sont alors plong\u00e9s dans l\u2019univers africain et \u00e9coutent avec attention l\u2019histoire du lion et du moucheron qui se mesurent l\u2019un \u00e0 l\u2019autre, ou participent \u00e0 une histoire o\u00f9 animaux, \u00e9l\u00e9ments et hommes apprennent \u00e0 satisfaire leurs besoins mutuels par le troc.<\/p>\n<p>Cet atelier, organis\u00e9 par l\u2018association <strong><a href=\"http:\/\/www.yvelines.fr\/fiche\/mali-medicaments\/\">Mali-M\u00e9dicaments<\/a><span style=\"color: #0000ff;\">,<\/span><\/strong><span style=\"color: #0000ff;\"><span style=\"color: #333333;\"> a \u00e9t\u00e9 l\u2019occasion de faire participer des rambolitains d\u2019origine malienne&nbsp;: le chanteur Percey et trois femmes ont ainsi pu animer en musique la fin des contes. Si les enfants les moins timides ont os\u00e9 esquisser quelques pas de danse, tous ont profit\u00e9 d\u2019un grand go\u00fbter et pu d\u00e9couvrir quelques saveurs africaines, tel que le jus de bissap.<\/span><\/span><\/p>\n<p>A l\u2019occasion de cette apr\u00e8s-midi, enfants et parents ont \u00e9galement pu d\u00e9ambuler autour de l\u2019exposition &nbsp;<strong><span style=\"color: #0000ff;\"><a href=\"http:\/\/www.yvelines.fr\/agenda\/exposition-le-niger-fleuve-des-hommes-4\/\"><span style=\"color: #0000ff;\"><i>Le Niger, un fleuve, des hommes<\/i>&nbsp;<\/span><\/a><\/span><\/strong>&nbsp;install\u00e9e dans les locaux de la M\u00e9diath\u00e8que &nbsp;jusqu\u2019au samedi 21 septembre. Rev\u00eatue de couleurs maliennes depuis le d\u00e9but de la semaine \u00ab&nbsp;D\u00e9couvrons le Mali&nbsp;\u00bb gr\u00e2ce \u00e0&nbsp; l\u2019association Mali-M\u00e9dicaments, l\u2019espace Florian a ainsi accueilli pr\u00e8s d\u2019une dizaine de classes d\u2019\u00e9coles primaires de Rambouillet, venues visiter l\u2019exposition et s\u2019impr\u00e9gner de quelques histoires africaines. Le jour de la cl\u00f4ture&nbsp; de l\u2019exposition (21\/09), la derni\u00e8re visite sera accompagn\u00e9e par le slameur-musicien Tidiane Sy \u00e0 14h et de la projection du film \u00ab&nbsp;<i>Faro Reine des eaux&nbsp;<\/i>\u00bb \u00e0 16h30.<\/p>\n<p>Les ateliers pour jeune public continuent \u00e0 Sonchamp<strong>&nbsp;<\/strong><a href=\"http:\/\/www.yvelines.fr\/agenda\/spectacle-temps-des-contes-2\/\">(<strong>le 11\/10)<\/strong><\/a> avec une apr\u00e8s-midi contes et musique et \u00e0 Marly-le-Roi pour des contes (le 12\/10) et des ateliers artistiques sur la statuaire dogon (<a href=\"http:\/\/www.yvelines.fr\/agenda\/atelier-sur-la-statutaire-dogon\/\"><strong>les 09\/10 et 16\/10<\/strong><\/a>).<\/p>\n<p><a href=\"http:\/\/www.mali-medicaments.org\/wp-content\/uploads\/2013\/09\/P1050024.jpg\" rel=\"lightbox[655]\"><img loading=\"lazy\" decoding=\"async\" class=\"alignnone size-medium wp-image-659\" src=\"https:\/\/www.mali-medicaments.org\/wp-content\/uploads\/2013\/09\/P1050024-300x225.jpg\" alt=\"Percey\" width=\"300\" height=\"225\" srcset=\"https:\/\/www.mali-medicaments.org\/wp-content\/uploads\/2013\/09\/P1050024-300x225.jpg 300w, https:\/\/www.mali-medicaments.org\/wp-content\/uploads\/2013\/09\/P1050024-1024x768.jpg 1024w\" sizes=\"auto, (max-width: 300px) 100vw, 300px\" \/><\/a><a href=\"http:\/\/www.mali-medicaments.org\/wp-content\/uploads\/2013\/09\/P1050025.jpg\" rel=\"lightbox[655]\"><img loading=\"lazy\" decoding=\"async\" class=\"alignnone size-medium wp-image-660\" src=\"https:\/\/www.mali-medicaments.org\/wp-content\/uploads\/2013\/09\/P1050025-225x300.jpg\" alt=\"Le plaisir de l'\u00e9coute\" width=\"225\" height=\"300\" srcset=\"https:\/\/www.mali-medicaments.org\/wp-content\/uploads\/2013\/09\/P1050025-225x300.jpg 225w, https:\/\/www.mali-medicaments.org\/wp-content\/uploads\/2013\/09\/P1050025-768x1024.jpg 768w\" sizes=\"auto, (max-width: 225px) 100vw, 225px\" \/><\/a>&nbsp;A une prochaine fois&#8230;.<\/p>\n<p>&#8212;&#8212;-&gt; <strong><em><a href=\"https:\/\/www.mali-medicaments.org\/?p=2844\">Retour sommaire: Y-CID = Partenaire <\/a><\/em><\/strong>&#8212;&#8212;&#8212;-&gt;<\/p>\n<p><strong>&nbsp;<\/strong>\u2014\u2014\u2014\u2014\u2014\u2014\u2014\u2014\u2014\u2014\u2013&gt;&nbsp;<em><a href=\"https:\/\/www.mali-medicaments.org\/\"><strong>Retour \u00ab&nbsp;Page d\u2019Accueil&nbsp;\u00bb<\/strong><\/a><\/em>&nbsp;\u2014\u2014\u2014\u2014\u2014\u2014\u2014\u2013&gt;<\/p>\n","protected":false},"excerpt":{"rendered":"<p>Le 18 septembre 2013 \u00e0 la m\u00e9diath\u00e8que Florian \u00e0 Rambouillet beaucoup d&rsquo;\u00e9coute, de plaisirs, de rires chez les grands comme les petits!!! Un grand succ\u00e8s, bravo \u00e0&nbsp;la conteuse, \u00e0 Percey, merci pour la participation de la communaut\u00e9 malienne tant pour l&rsquo;accompagnement en bambara que pour la pr\u00e9paration du gouter. &nbsp; &#x2665; Extrait article site du &hellip; <\/p>\n<p class=\"link-more\"><a href=\"https:\/\/www.mali-medicaments.org\/?p=655\" class=\"more-link\">Continuer la lecture<span class=\"screen-reader-text\"> de &laquo;&nbsp;An Ka Willi: le temps du conte pour petites oreilles&nbsp;&raquo;<\/span><\/a><\/p>\n","protected":false},"author":3,"featured_media":0,"comment_status":"open","ping_status":"open","sticky":false,"template":"","format":"standard","meta":{"ngg_post_thumbnail":0,"footnotes":""},"categories":[15,78],"tags":[],"class_list":["post-655","post","type-post","status-publish","format-standard","hentry","category-journee-evenementielle-manifestations-assises-du-78","category-y-cid"],"_links":{"self":[{"href":"https:\/\/www.mali-medicaments.org\/index.php?rest_route=\/wp\/v2\/posts\/655","targetHints":{"allow":["GET"]}}],"collection":[{"href":"https:\/\/www.mali-medicaments.org\/index.php?rest_route=\/wp\/v2\/posts"}],"about":[{"href":"https:\/\/www.mali-medicaments.org\/index.php?rest_route=\/wp\/v2\/types\/post"}],"author":[{"embeddable":true,"href":"https:\/\/www.mali-medicaments.org\/index.php?rest_route=\/wp\/v2\/users\/3"}],"replies":[{"embeddable":true,"href":"https:\/\/www.mali-medicaments.org\/index.php?rest_route=%2Fwp%2Fv2%2Fcomments&post=655"}],"version-history":[{"count":5,"href":"https:\/\/www.mali-medicaments.org\/index.php?rest_route=\/wp\/v2\/posts\/655\/revisions"}],"predecessor-version":[{"id":2859,"href":"https:\/\/www.mali-medicaments.org\/index.php?rest_route=\/wp\/v2\/posts\/655\/revisions\/2859"}],"wp:attachment":[{"href":"https:\/\/www.mali-medicaments.org\/index.php?rest_route=%2Fwp%2Fv2%2Fmedia&parent=655"}],"wp:term":[{"taxonomy":"category","embeddable":true,"href":"https:\/\/www.mali-medicaments.org\/index.php?rest_route=%2Fwp%2Fv2%2Fcategories&post=655"},{"taxonomy":"post_tag","embeddable":true,"href":"https:\/\/www.mali-medicaments.org\/index.php?rest_route=%2Fwp%2Fv2%2Ftags&post=655"}],"curies":[{"name":"wp","href":"https:\/\/api.w.org\/{rel}","templated":true}]}}