{"id":573,"date":"2013-05-20T17:18:31","date_gmt":"2013-05-20T15:18:31","guid":{"rendered":"http:\/\/www.mali-medicaments.org\/?p=573"},"modified":"2020-03-26T18:22:36","modified_gmt":"2020-03-26T17:22:36","slug":"mali-medicament-acteur-du-programme-an-ka-willi","status":"publish","type":"post","link":"https:\/\/www.mali-medicaments.org\/?p=573","title":{"rendered":"Mali-M\u00e9dicament acteur du programme \u00ab\u00a0An Ka Willi\u00a0\u00bb"},"content":{"rendered":"<p><b>\u00ab&nbsp;An Ka Willi&nbsp;\u00bb<\/b> &nbsp;&nbsp;ou&nbsp;&nbsp; &nbsp;<b>\u00ab&nbsp;Tout le monde se mobilise pour&nbsp;\u00bb<\/b><\/p>\n<p>Pour le Mali, pour&nbsp; la population, pour nos amis sur place, Mali-M\u00e9dicaments a souhait\u00e9 particip\u00e9 activement \u00e0 l\u2019\u00e9laboration,&nbsp;l\u2019organisation,&nbsp;la programmation,&nbsp;la r\u00e9alisation des activit\u00e9s pr\u00e9liminaires de <span style=\"text-decoration: underline;\">septembre 2013 au 12 octobre 2013<\/span> \u00e0 la tenue des 5\u00e8me Assises du d\u00e9partement des Yvelines dans le cadre de la <strong><span style=\"color: #0000ff;\"><a href=\"http:\/\/www.yvelines.fr\/solidarite\/cooperation-internationale\/\"><span style=\"color: #0000ff;\">coop\u00e9ration d\u00e9centralis\u00e9e<\/span><\/a>&nbsp;<\/span><\/strong>au coll\u00e8ge Louis Lumi\u00e8re \u00e0 Marly-Le-Roi le 12 octobre 2013. Le pays invit\u00e9 d\u2019honneur pour cette cinqui\u00e8me \u00e9dition est le Mali.<\/p>\n<p><span style=\"color: #0000ff;\"><strong><a href=\"http:\/\/www.mali-medicaments.org\/wp-content\/uploads\/2013\/05\/ASSISES2013_VISUELPAGNE.pdf\"><span style=\"color: #0000ff;\">Affiche 5\u00e8me ASSISES du 78<\/span><\/a><\/strong><\/span><\/p>\n<p>Le Conseil G\u00e9n\u00e9ral des Yvelines est le maitre d\u2019\u0153uvre du projet, Mali-M\u00e9dicaments coordonne et anime les manifestations pr\u00e9liminaires dans le domaine de la culture, et ce en partenariat avec d\u2019autres associations yvelinoises, certaines communes.<\/p>\n<p><span style=\"color: #000000;\"><b>\u00ab&nbsp;Connaissons-nous le Mali&nbsp;?&nbsp;\u00bb<\/b><\/span><\/p>\n<p><span style=\"color: #000000;\"><b>&nbsp;&nbsp;&nbsp;&nbsp;&nbsp;&nbsp;&nbsp;&nbsp; Sa richesse patrimoniale tant naturelle que culturelle&nbsp;?<\/b><\/span><\/p>\n<p><b>&nbsp;<\/b><\/p>\n<p><span style=\"color: #000000;\"><strong>Manifestations propos\u00e9es&nbsp;: <i>expositions, conf\u00e9rences, visites comment\u00e9es, animations, slam, temps du conte, troupes th\u00e9\u00e2trales, activit\u00e9 musicale, &#8230;<\/i><\/strong><\/span><\/p>\n<p><em>En savoir plus ?&nbsp;<\/em><\/p>\n<p><span style=\"color: #0000ff;\"> <strong>\u2192 <a href=\"http:\/\/www.mali-medicaments.org\/wp-content\/uploads\/2013\/05\/espace-de-d\u00e9couverte-en-diff\u00e9rents-lieux-du-d\u00e9partement-site.pdf\"><span style=\"color: #0000ff;\">Un espace de d\u00e9couverte en diff\u00e9rents lieux du d\u00e9partement<\/span><\/a>&nbsp;<\/strong>&nbsp;<\/span><em> (Un r\u00e9sum\u00e9 du contenu)<\/em><\/p>\n<p><a href=\"http:\/\/www.mali-medicaments.org\/wp-content\/uploads\/2013\/10\/P1040985.jpg\" rel=\"lightbox[573]\"><img loading=\"lazy\" decoding=\"async\" class=\"alignnone size-thumbnail wp-image-689\" src=\"https:\/\/www.mali-medicaments.org\/wp-content\/uploads\/2013\/10\/P1040985-150x150.jpg\" alt=\"entr\u00e9e de l'expo, l'affiche &quot;Fleuve Niger&quot;, nos partenaires\" width=\"150\" height=\"150\"><\/a><a href=\"http:\/\/www.mali-medicaments.org\/wp-content\/uploads\/2013\/10\/P1040977.jpg\" rel=\"lightbox[573]\"><img loading=\"lazy\" decoding=\"async\" class=\"alignnone size-thumbnail wp-image-690\" src=\"https:\/\/www.mali-medicaments.org\/wp-content\/uploads\/2013\/10\/P1040977-150x150.jpg\" alt=\"premi\u00e8re salle d'exposition vue g\u00e9n\u00e9rale\" width=\"150\" height=\"150\"><\/a><a href=\"http:\/\/www.mali-medicaments.org\/wp-content\/uploads\/2013\/10\/DSCN0038.jpg\" rel=\"lightbox[573]\"><img loading=\"lazy\" decoding=\"async\" class=\"alignnone size-thumbnail wp-image-700\" src=\"https:\/\/www.mali-medicaments.org\/wp-content\/uploads\/2013\/10\/DSCN0038-150x150.jpg\" alt=\"beaucoup de monde\" width=\"150\" height=\"150\"><\/a><\/p>\n<p><em>Photos prises \u00e0 la m\u00e9diath\u00e8que Florian \u00e0 Rambouillet du 17 au 21 septembre 2013<\/em><\/p>\n<p><strong><span style=\"color: #0000ff;\">\u2192 <a href=\"http:\/\/www.mali-medicaments.org\/wp-content\/uploads\/2013\/05\/serie-affiche-differents-lieux-expo-niger.pdf\"><span style=\"color: #0000ff;\">serie d&rsquo;affiches: expositions en differents lieux du d\u00e9partement<\/span><\/a><\/span><\/strong>&nbsp; <em>(tous les renseignements pratiques:&nbsp;lieux, adresses, dates,&#8230;., exposition itin\u00e9rante \u00ab\u00a0Le Fleuve Niger\u00a0\u00bb)<\/em><\/p>\n<p><span style=\"color: #0000ff;\"><strong>\u2192 <a href=\"http:\/\/www.mali-medicaments.org\/wp-content\/uploads\/2013\/05\/livret_AnKaWili_site.pdf\"><span style=\"color: #0000ff;\">Le Livret An Ka Willi<\/span><\/a>&nbsp; <\/strong><span style=\"color: #333333;\"><em>(le livret dans son int\u00e9gralit\u00e9 \u00e9dit\u00e9 par le service coop\u00e9ration internationale du d\u00e9partement des Yvelines en partenariat avec le monde associatif, les programmes, les descriptifs, les conf\u00e9rences, les projections de film, les spectacles, le temps du conte pour petites oreilles, les modalit\u00e9s pratiques du 3 septembre 2013 au 16 octobre 2013)<\/em><\/span><\/span><\/p>\n<p><strong><span style=\"color: #0000ff;\">\u2192 <a href=\"http:\/\/www.mali-medicaments.org\/wp-content\/uploads\/2013\/05\/Plaquette_invitation3.pdf\"><span style=\"color: #0000ff;\">5\u00e8me Assises du 78: plaquette : invitation \/ modalit\u00e9s pratiques<\/span><\/a>&nbsp;<\/span> <\/strong><span style=\"color: #333333;\"><em>(Le mot du Pr\u00e9sident, le programme, le contenu des ateliers, l&rsquo;acc\u00e8s au site,&#8230;.)<\/em><\/span><\/p>\n<p>&nbsp;<\/p>\n<p><span style=\"color: #000000; text-decoration: underline;\"><strong>Et Mali-M\u00e9dicaments?<\/strong><\/span><\/p>\n<p><a href=\"http:\/\/www.mali-medicaments.org\/wp-content\/uploads\/2013\/05\/P1050001.jpg\" rel=\"lightbox[573]\"><img loading=\"lazy\" decoding=\"async\" class=\"alignnone size-medium wp-image-716\" src=\"https:\/\/www.mali-medicaments.org\/wp-content\/uploads\/2013\/05\/P1050001-225x300.jpg\" alt=\"P1050001\" width=\"225\" height=\"300\" srcset=\"https:\/\/www.mali-medicaments.org\/wp-content\/uploads\/2013\/05\/P1050001-225x300.jpg 225w, https:\/\/www.mali-medicaments.org\/wp-content\/uploads\/2013\/05\/P1050001-768x1024.jpg 768w\" sizes=\"auto, (max-width: 225px) 100vw, 225px\" \/><\/a>&nbsp;<strong><a title=\"Plaquette \u2013 Logo \u2013 Adh\u00e9sion\" href=\"http:\/\/www.mali-medicaments.org\/?p=371\"><em><span style=\"color: #0000ff;\">Des questionnements sur&nbsp;<span style=\"color: #0000ff;\">l&rsquo;Association<\/span><\/span><\/em><\/a><\/strong><\/p>\n<p><em>En savoir plus ?<\/em><\/p>\n<p><em><strong><span style=\"color: #000080;\">\u2192<\/span><\/strong><\/em><strong><span style=\"color: #000080;\">&nbsp;<a href=\"http:\/\/www.mali-medicaments.org\/wp-content\/uploads\/2013\/05\/fiche-action-assise-2013presentation-site.pdf\"><span style=\"color: #000080;\">Le contenu des manifestations organis\u00e9es par Mali-M\u00e9dicaments<\/span><\/a><\/span><\/strong><\/p>\n<p><a href=\"http:\/\/www.mali-medicaments.org\/wp-content\/uploads\/2013\/05\/P1040989.jpg\" rel=\"lightbox[573]\"><img loading=\"lazy\" decoding=\"async\" class=\"alignnone size-thumbnail wp-image-704\" src=\"https:\/\/www.mali-medicaments.org\/wp-content\/uploads\/2013\/05\/P1040989-150x150.jpg\" alt=\"stand objets d'arts artisanaux dogon\" width=\"150\" height=\"150\"><\/a><a href=\"http:\/\/www.mali-medicaments.org\/wp-content\/uploads\/2013\/05\/P1040996.jpg\" rel=\"lightbox[573]\"><img loading=\"lazy\" decoding=\"async\" class=\"alignnone size-thumbnail wp-image-705\" src=\"https:\/\/www.mali-medicaments.org\/wp-content\/uploads\/2013\/05\/P1040996-150x150.jpg\" alt=\"exposition de tenues traditionnelles\" width=\"150\" height=\"150\"><\/a><a href=\"http:\/\/www.mali-medicaments.org\/wp-content\/uploads\/2013\/05\/P1040991.jpg\" rel=\"lightbox[573]\"><img loading=\"lazy\" decoding=\"async\" class=\"alignnone size-thumbnail wp-image-707\" src=\"https:\/\/www.mali-medicaments.org\/wp-content\/uploads\/2013\/05\/P1040991-150x150.jpg\" alt=\"P1040991\" width=\"150\" height=\"150\"><\/a><\/p>\n<p><em>Objets artisanaux Dogon, tenues traditionnelles, exposition \u00ab\u00a0Fleuve Niger\u00a0\u00bb, arbre \u00e0 palabres, stand de l&rsquo;Association, photos du dernier voyage,&#8230;<\/em><\/p>\n<p><a href=\"http:\/\/www.mali-medicaments.org\/wp-content\/uploads\/2013\/05\/P1050068.jpg\" rel=\"lightbox[573]\"><img loading=\"lazy\" decoding=\"async\" class=\"alignnone size-thumbnail wp-image-717\" src=\"https:\/\/www.mali-medicaments.org\/wp-content\/uploads\/2013\/05\/P1050068-150x150.jpg\" alt=\"P1050068\" width=\"150\" height=\"150\"><\/a><a href=\"http:\/\/www.mali-medicaments.org\/wp-content\/uploads\/2013\/05\/IMG_0039.jpg\" rel=\"lightbox[573]\"><img loading=\"lazy\" decoding=\"async\" class=\"alignnone size-thumbnail wp-image-721\" src=\"https:\/\/www.mali-medicaments.org\/wp-content\/uploads\/2013\/05\/IMG_0039-150x150.jpg\" alt=\"IMG_0039\" width=\"150\" height=\"150\"><\/a><a href=\"http:\/\/www.mali-medicaments.org\/wp-content\/uploads\/2013\/10\/P1040983.jpg\" rel=\"lightbox[573]\"><img loading=\"lazy\" decoding=\"async\" class=\"alignnone size-thumbnail wp-image-702\" src=\"https:\/\/www.mali-medicaments.org\/wp-content\/uploads\/2013\/10\/P1040983-150x150.jpg\" alt=\"Photos mali-m\u00e9dicaments\" width=\"150\" height=\"150\"><\/a><\/p>\n<p><em>&nbsp;Des visites comment\u00e9es:<\/em> <a title=\"An Ka Willi, une exposition aussi \u00e0 destination des primaires et maternelles\" href=\"http:\/\/www.mali-medicaments.org\/?p=664\"><span style=\"color: #0000ff;\"><strong>en savoir plus<\/strong><\/span><\/a><\/p>\n<p><a href=\"http:\/\/www.mali-medicaments.org\/wp-content\/uploads\/2013\/09\/P1050044.jpg\" rel=\"lightbox[573]\"><img loading=\"lazy\" decoding=\"async\" class=\"alignnone size-medium wp-image-673\" src=\"https:\/\/www.mali-medicaments.org\/wp-content\/uploads\/2013\/09\/P1050044-225x300.jpg\" alt=\"P1050044\" width=\"225\" height=\"300\" srcset=\"https:\/\/www.mali-medicaments.org\/wp-content\/uploads\/2013\/09\/P1050044-225x300.jpg 225w, https:\/\/www.mali-medicaments.org\/wp-content\/uploads\/2013\/09\/P1050044-768x1024.jpg 768w\" sizes=\"auto, (max-width: 225px) 100vw, 225px\" \/><\/a><a href=\"http:\/\/www.mali-medicaments.org\/wp-content\/uploads\/2013\/09\/P1050008.jpg\" rel=\"lightbox[573]\"><img loading=\"lazy\" decoding=\"async\" class=\"alignnone size-medium wp-image-665\" src=\"https:\/\/www.mali-medicaments.org\/wp-content\/uploads\/2013\/09\/P1050008-300x225.jpg\" alt=\"maternelles moyens grands le 17\/09\" width=\"300\" height=\"225\" srcset=\"https:\/\/www.mali-medicaments.org\/wp-content\/uploads\/2013\/09\/P1050008-300x225.jpg 300w, https:\/\/www.mali-medicaments.org\/wp-content\/uploads\/2013\/09\/P1050008-1024x768.jpg 1024w\" sizes=\"auto, (max-width: 300px) 100vw, 300px\" \/><\/a><\/p>\n<p><strong><span style=\"color: #0000ff;\">\u2192<a href=\"http:\/\/www.mali-medicaments.org\/wp-content\/uploads\/2013\/05\/affiche-descriptif-florian.pdf\"><span style=\"color: #0000ff;\">Flyers programme<\/span><\/a><\/span><\/strong><\/p>\n<p><strong>Du 17 septembre au 21 septembre 2013 \u00e0 la biblioth\u00e8que Florian \u00e0 Rambouillet<\/strong><\/p>\n<p>5 rue Gautherin 78120 RAMBOUILLET<\/p>\n<p>Tel: 01 61 08 61 21 &#8211; fax: 01 34 83 02 55&nbsp;&nbsp;<a href=\"http:\/\/florian.rambouillet.fr\"><strong><span style=\"color: #008000;\"><span style=\"color: #008000;\">florian.rambouillet<\/span>.fr<\/span><\/strong><\/a><\/p>\n<p><em>En savoir toujours plus ?<\/em><\/p>\n<p>&#x2665; <strong><span style=\"color: #000080;\"><a href=\"http:\/\/www.mali-medicaments.org\/wp-content\/uploads\/2013\/05\/BD-crochet-nuages.pdf\"><span style=\"color: #000080;\">BD crochet nuages<\/span><\/a>&nbsp; <\/span><\/strong><em><span style=\"color: #000080;\"><span style=\"color: #000000;\">un voyage en pays dogon&nbsp;&nbsp;&nbsp; <span style=\"color: #ff00ff;\"><strong><a href=\"http:\/\/www.dargaud.com\/geo.bd\/\"><span style=\"color: #ff00ff;\">www.dargaud.com\/geo.bd\/<\/span><\/a><\/strong><\/span><\/span><\/span><\/em><\/p>\n<p><a href=\"http:\/\/www.mali-medicaments.org\/wp-content\/uploads\/2013\/10\/P1040979.jpg\" rel=\"lightbox[573]\"><img loading=\"lazy\" decoding=\"async\" class=\"alignnone size-thumbnail wp-image-701\" src=\"https:\/\/www.mali-medicaments.org\/wp-content\/uploads\/2013\/10\/P1040979-150x150.jpg\" alt=\"vitrine BD\" width=\"150\" height=\"150\"><\/a><a href=\"http:\/\/www.mali-medicaments.org\/wp-content\/uploads\/2013\/05\/P1040982.jpg\" rel=\"lightbox[573]\"><img loading=\"lazy\" decoding=\"async\" class=\"alignnone size-thumbnail wp-image-724\" src=\"https:\/\/www.mali-medicaments.org\/wp-content\/uploads\/2013\/05\/P1040982-150x150.jpg\" alt=\"P1040982\" width=\"150\" height=\"150\"><\/a><a href=\"http:\/\/www.mali-medicaments.org\/wp-content\/uploads\/2013\/05\/P1040984.jpg\" rel=\"lightbox[573]\"><img loading=\"lazy\" decoding=\"async\" class=\"alignnone size-thumbnail wp-image-725\" src=\"https:\/\/www.mali-medicaments.org\/wp-content\/uploads\/2013\/05\/P1040984-150x150.jpg\" alt=\"P1040984\" width=\"150\" height=\"150\"><\/a><\/p>\n<p>&#x2665; <strong><span style=\"color: #000080;\"><a href=\"http:\/\/www.mali-medicaments.org\/wp-content\/uploads\/2013\/05\/exposition-fleuve-niger-site.pdf\"><span style=\"color: #000080;\">exposition fleuve niger<\/span><\/a>&nbsp;<\/span><\/strong><em><span style=\"color: #000000;\">contenu, d\u00e9tails, photos de cette exposition&nbsp;&nbsp;&nbsp;&nbsp;&nbsp; <\/span><\/em><\/p>\n<p>&#x2665; <strong><span style=\"color: #000080;\">f<a href=\"http:\/\/www.mali-medicaments.org\/wp-content\/uploads\/2013\/05\/faro-reine-des-eaux-long-m\u00e9trage.pdf\"><span style=\"color: #000080;\">aro reine des eaux long m\u00e9trage<\/span><\/a>&nbsp; <\/span><\/strong><span style=\"color: #000080;\"><em><span style=\"color: #000000;\">projection le samedi 21 septembre 2013 \u00e0 18H00 \u00e0 la biblioth\u00e8que Florian&nbsp;&nbsp;&nbsp; <span style=\"color: #ff00ff;\"><b><a href=\"http:\/\/www.borealfilms.com\" target=\"_blank\" rel=\"noopener noreferrer\"><span style=\"color: #ff00ff;\">www.borealfilms.com<\/span><\/a><\/b><\/span><\/span><\/em><\/span><\/p>\n<p>&#x2665; <a href=\"http:\/\/www.tidiane.org\"><span style=\"color: #000080;\"><strong><span style=\"color: #000080;\">Tidiane sculpteur de mots<\/span><\/strong><\/span><\/a><\/p>\n<p><a href=\"http:\/\/www.mali-medicaments.org\/wp-content\/uploads\/2013\/05\/P1050069.jpg\" rel=\"lightbox[573]\"><img loading=\"lazy\" decoding=\"async\" class=\"alignnone size-thumbnail wp-image-708\" src=\"https:\/\/www.mali-medicaments.org\/wp-content\/uploads\/2013\/05\/P1050069-150x150.jpg\" alt=\"P1050069\" width=\"150\" height=\"150\"><\/a><a href=\"http:\/\/www.mali-medicaments.org\/wp-content\/uploads\/2013\/10\/IMAGE_068.jpg\" rel=\"lightbox[573]\"><img loading=\"lazy\" decoding=\"async\" class=\"alignnone size-thumbnail wp-image-694\" src=\"https:\/\/www.mali-medicaments.org\/wp-content\/uploads\/2013\/10\/IMAGE_068-150x150.jpg\" alt=\"visite officielle du 21\" width=\"150\" height=\"150\"><\/a><a href=\"http:\/\/www.mali-medicaments.org\/wp-content\/uploads\/2013\/05\/IMG_0027.jpg\" rel=\"lightbox[573]\"><img loading=\"lazy\" decoding=\"async\" class=\"alignnone size-thumbnail wp-image-709\" src=\"https:\/\/www.mali-medicaments.org\/wp-content\/uploads\/2013\/05\/IMG_0027-150x150.jpg\" alt=\"IMG_0027\" width=\"150\" height=\"150\"><\/a><\/p>\n<p><em>Ci-dessous un des textes dit par Tidiane lors de l&rsquo;animation pr\u00e9c\u00e9dant le vernissage du 21 septembre 2013, cr\u00e9ation originale pour cette occasion.<\/em><\/p>\n<p><a href=\"http:\/\/www.mali-medicaments.org\/wp-content\/uploads\/2013\/05\/quand-on-arrive-la-bas.jpg\" rel=\"lightbox[573]\"><img loading=\"lazy\" decoding=\"async\" class=\"alignnone size-large wp-image-727\" src=\"https:\/\/www.mali-medicaments.org\/wp-content\/uploads\/2013\/05\/quand-on-arrive-la-bas-724x1024.jpg\" alt=\"quand on arrive la bas\" width=\"724\" height=\"1024\" srcset=\"https:\/\/www.mali-medicaments.org\/wp-content\/uploads\/2013\/05\/quand-on-arrive-la-bas-724x1024.jpg 724w, https:\/\/www.mali-medicaments.org\/wp-content\/uploads\/2013\/05\/quand-on-arrive-la-bas-212x300.jpg 212w\" sizes=\"auto, (max-width: 724px) 100vw, 724px\" \/><\/a><\/p>\n<p>&#x2665; <strong><a href=\"http:\/\/www.mali-medicaments.org\/wp-content\/uploads\/2013\/05\/AFFICHE-PERCEY.pdf\"><span style=\"color: #0000ff;\">Le chanteur malien PERCEY<\/span><\/a>&nbsp;<\/strong><span style=\"color: #000000;\"><em>A l&rsquo;issue &lsquo;du temps des contes pour petites oreilles&rsquo; avec la participation de femmes d&rsquo;origines maliennes, le chanteur malien &lsquo;Percey&rsquo;&nbsp;accompagn\u00e9 de deux musiciens le mercredi 18 septembre 2013 \u00e0 15h00,&nbsp;\u00e0 la m\u00e9diath\u00e8que Florian \u00e0 Rambouillet et prochainement le 11 octobre 2013 \u00e0 la salle des f\u00eates de Sonchamp \u00e0 16h30.<\/em><\/span><\/p>\n<p><a href=\"http:\/\/www.mali-medicaments.org\/wp-content\/uploads\/2013\/09\/P1050021.jpg\" rel=\"lightbox[573]\"><img loading=\"lazy\" decoding=\"async\" class=\"alignnone size-medium wp-image-658\" src=\"https:\/\/www.mali-medicaments.org\/wp-content\/uploads\/2013\/09\/P1050021-300x225.jpg\" alt=\"le conte du lion et du moustique\" width=\"300\" height=\"225\" srcset=\"https:\/\/www.mali-medicaments.org\/wp-content\/uploads\/2013\/09\/P1050021-300x225.jpg 300w, https:\/\/www.mali-medicaments.org\/wp-content\/uploads\/2013\/09\/P1050021-1024x768.jpg 1024w\" sizes=\"auto, (max-width: 300px) 100vw, 300px\" \/><\/a>&nbsp; <span style=\"color: #0000ff;\"><a title=\"An Ka Willi: le temps du conte pour petites oreilles\" href=\"http:\/\/www.mali-medicaments.org\/?p=655\"><span style=\"color: #0000ff;\"><em><strong>autre article, plus de&nbsp;d\u00e9tails<\/strong><\/em><\/span><\/a><\/span><\/p>\n<p>&nbsp;<\/p>\n<p>&#x2665;&nbsp;<strong><a href=\"http:\/\/www.mali-medicaments.org\/wp-content\/uploads\/2013\/05\/affiche-conte-mali.pdf\"><span style=\"color: #0000ff;\">Contes pour petites oreilles<\/span><\/a><\/strong>&nbsp; <em><span style=\"color: #333333;\">Le mercredi 18 septembre \u00e0 partir de 15h00, des contes \u00e0 destination du jeune public assorti de chants, de berceuses en Bambara avec accompagnement musical suivi d&rsquo;un gouter offert par Mali-M\u00e9dicaments et le Conseil G\u00e9n\u00e9ral des Yvelines. (<a title=\"An Ka Willi: le temps du conte pour petites oreilles\" href=\"http:\/\/www.mali-medicaments.org\/?p=655\"><em><strong><span style=\"color: #0000ff;\">autre article, plus de&nbsp;d\u00e9tails<\/span><\/strong><\/em><\/a>)<\/span><\/em><\/p>\n<p>&nbsp;<\/p>\n<p><span style=\"color: #000000;\"><strong>Et si votre curiosit\u00e9 est \u00e9veill\u00e9e, <span style=\"color: #0000ff;\"><a title=\"\u00ab&nbsp;An Ka Willi&nbsp;\u00bb un succ\u00e8s pour Mali-M\u00e9dicaments \u00e0 la m\u00e9diath\u00e8que de Rambouillet!!!\" href=\"http:\/\/www.mali-medicaments.org\/?p=688\"><span style=\"color: #0000ff;\">consultez le reportage photos dans un autre article<\/span><\/a>.<\/span><\/strong><\/span><\/p>\n<p><span style=\"color: #000000;\"><strong>Les membres de Mali-M\u00e9dicaments, notre repr\u00e9sentant local ont \u00e9t\u00e9&nbsp;heureux de vous recevoir, \u00e0 tout moment.<\/strong><\/span><\/p>\n<p><a href=\"http:\/\/www.mali-medicaments.org\/wp-content\/uploads\/2013\/05\/IMG_0057.jpg\" rel=\"lightbox[573]\"><img loading=\"lazy\" decoding=\"async\" class=\"alignnone size-thumbnail wp-image-710\" src=\"https:\/\/www.mali-medicaments.org\/wp-content\/uploads\/2013\/05\/IMG_0057-150x150.jpg\" alt=\"IMG_0057\" width=\"150\" height=\"150\"><\/a><a href=\"http:\/\/www.mali-medicaments.org\/wp-content\/uploads\/2013\/05\/IMG_0047.jpg\" rel=\"lightbox[573]\"><img loading=\"lazy\" decoding=\"async\" class=\"alignnone size-thumbnail wp-image-711\" src=\"https:\/\/www.mali-medicaments.org\/wp-content\/uploads\/2013\/05\/IMG_0047-150x150.jpg\" alt=\"IMG_0047\" width=\"150\" height=\"150\"><\/a><a href=\"http:\/\/www.mali-medicaments.org\/wp-content\/uploads\/2013\/05\/IMG_0049.jpg\" rel=\"lightbox[573]\"><img loading=\"lazy\" decoding=\"async\" class=\"alignnone size-thumbnail wp-image-712\" src=\"https:\/\/www.mali-medicaments.org\/wp-content\/uploads\/2013\/05\/IMG_0049-150x150.jpg\" alt=\"IMG_0049\" width=\"150\" height=\"150\"><\/a><\/p>\n<p>&nbsp;<\/p>\n<p>&#x2666;<strong><span style=\"color: #0000ff;\"><a href=\"http:\/\/www.mali-medicaments.org\/wp-content\/uploads\/2012\/11\/Notre-correspondant-malien-\u00e0-Pel.pdf\"><span style=\"color: #0000ff;\">Tout savoir sur lui<\/span><\/a>&nbsp;&nbsp;&nbsp;&nbsp;&nbsp;&nbsp;&nbsp;&nbsp;&nbsp;&nbsp;&nbsp;&nbsp;&nbsp;&nbsp;&nbsp;&nbsp;&nbsp;&nbsp; <\/span><\/strong><em>Notre correspondant local malien<\/em><\/p>\n<p><a href=\"http:\/\/www.mali-medicaments.org\/wp-content\/uploads\/2013\/05\/IMG_0060.jpg\" rel=\"lightbox[573]\"><img loading=\"lazy\" decoding=\"async\" class=\"alignnone size-medium wp-image-714\" src=\"https:\/\/www.mali-medicaments.org\/wp-content\/uploads\/2013\/05\/IMG_0060-200x300.jpg\" alt=\"IMG_0060\" width=\"200\" height=\"300\" srcset=\"https:\/\/www.mali-medicaments.org\/wp-content\/uploads\/2013\/05\/IMG_0060-200x300.jpg 200w, https:\/\/www.mali-medicaments.org\/wp-content\/uploads\/2013\/05\/IMG_0060-682x1024.jpg 682w\" sizes=\"auto, (max-width: 200px) 100vw, 200px\" \/><\/a><a href=\"http:\/\/www.mali-medicaments.org\/wp-content\/uploads\/2013\/05\/IMG_0013.jpg\" rel=\"lightbox[573]\"><img loading=\"lazy\" decoding=\"async\" class=\"alignnone size-medium wp-image-715\" src=\"https:\/\/www.mali-medicaments.org\/wp-content\/uploads\/2013\/05\/IMG_0013-300x199.jpg\" alt=\"IMG_0013\" width=\"300\" height=\"199\" srcset=\"https:\/\/www.mali-medicaments.org\/wp-content\/uploads\/2013\/05\/IMG_0013-300x199.jpg 300w, https:\/\/www.mali-medicaments.org\/wp-content\/uploads\/2013\/05\/IMG_0013-1024x681.jpg 1024w\" sizes=\"auto, (max-width: 300px) 100vw, 300px\" \/><\/a><\/p>\n<p>&#x2666; <span style=\"color: #0000ff;\"><strong><a href=\"http:\/\/www.mali-medicaments.org\/wp-content\/uploads\/2013\/05\/article-journal-Florian-Mali.pdf\"><span style=\"color: #0000ff;\">extrait du journal de liaison de la m\u00e9diath\u00e8que Florian<\/span><\/a>&nbsp;&nbsp;&nbsp; <\/strong><span style=\"color: #333333;\"><em>article consacr\u00e9 \u00e0 cette semaine \u00e9v\u00e8nementielle dans le bulletin de liaison annuelle de la m\u00e9diath\u00e8que \u00e0 destination de l&rsquo;ensemble de la communaut\u00e9 scolaire et de ses adh\u00e9rents<\/em><\/span><\/span><\/p>\n<p>&#x2666; <span style=\"color: #000080;\"><strong><a href=\"http:\/\/www.mali-medicaments.org\/wp-content\/uploads\/2013\/05\/Coordonn\u00e9es-organisateurs-volet-culture.pdf\"><span style=\"color: #000080;\">Coordonn\u00e9es partenaires associatifs volet culture<\/span><\/a><\/strong><\/span><\/p>\n<p>&nbsp;<\/p>\n<p>&#8212;&#8212;-&gt; <strong><em><a href=\"https:\/\/www.mali-medicaments.org\/?p=2844\">Retour sommaire: Y-CID = Partenaire <\/a><\/em><\/strong>&#8212;&#8212;&#8212;-&gt;<strong>&nbsp;<\/strong><\/p>\n<p>\u2014\u2014\u2014\u2014\u2014\u2014\u2014\u2014\u2014\u2014\u2013&gt;&nbsp;<em><a href=\"https:\/\/www.mali-medicaments.org\/\"><strong>Retour \u00ab&nbsp;Page d\u2019Accueil&nbsp;\u00bb<\/strong><\/a><\/em>&nbsp;\u2014\u2014\u2014\u2014\u2014\u2014\u2014\u2013&gt;<\/p>\n<p>&nbsp;<\/p>\n<p>&nbsp;<\/p>\n<p>&nbsp;<\/p>\n<p>&nbsp;<\/p>\n<p>&nbsp;<\/p>\n<p>&nbsp;<\/p>\n","protected":false},"excerpt":{"rendered":"<p>\u00ab&nbsp;An Ka Willi&nbsp;\u00bb &nbsp;&nbsp;ou&nbsp;&nbsp; &nbsp;\u00ab&nbsp;Tout le monde se mobilise pour&nbsp;\u00bb Pour le Mali, pour&nbsp; la population, pour nos amis sur place, Mali-M\u00e9dicaments a souhait\u00e9 particip\u00e9 activement \u00e0 l\u2019\u00e9laboration,&nbsp;l\u2019organisation,&nbsp;la programmation,&nbsp;la r\u00e9alisation des activit\u00e9s pr\u00e9liminaires de septembre 2013 au 12 octobre 2013 \u00e0 la tenue des 5\u00e8me Assises du d\u00e9partement des Yvelines dans le cadre de la &hellip; <\/p>\n<p class=\"link-more\"><a href=\"https:\/\/www.mali-medicaments.org\/?p=573\" class=\"more-link\">Continuer la lecture<span class=\"screen-reader-text\"> de &laquo;&nbsp;Mali-M\u00e9dicament acteur du programme \u00ab\u00a0An Ka Willi\u00a0\u00bb&nbsp;&raquo;<\/span><\/a><\/p>\n","protected":false},"author":3,"featured_media":0,"comment_status":"open","ping_status":"open","sticky":false,"template":"","format":"standard","meta":{"ngg_post_thumbnail":0,"footnotes":""},"categories":[15,78],"tags":[],"class_list":["post-573","post","type-post","status-publish","format-standard","hentry","category-journee-evenementielle-manifestations-assises-du-78","category-y-cid"],"_links":{"self":[{"href":"https:\/\/www.mali-medicaments.org\/index.php?rest_route=\/wp\/v2\/posts\/573","targetHints":{"allow":["GET"]}}],"collection":[{"href":"https:\/\/www.mali-medicaments.org\/index.php?rest_route=\/wp\/v2\/posts"}],"about":[{"href":"https:\/\/www.mali-medicaments.org\/index.php?rest_route=\/wp\/v2\/types\/post"}],"author":[{"embeddable":true,"href":"https:\/\/www.mali-medicaments.org\/index.php?rest_route=\/wp\/v2\/users\/3"}],"replies":[{"embeddable":true,"href":"https:\/\/www.mali-medicaments.org\/index.php?rest_route=%2Fwp%2Fv2%2Fcomments&post=573"}],"version-history":[{"count":28,"href":"https:\/\/www.mali-medicaments.org\/index.php?rest_route=\/wp\/v2\/posts\/573\/revisions"}],"predecessor-version":[{"id":2856,"href":"https:\/\/www.mali-medicaments.org\/index.php?rest_route=\/wp\/v2\/posts\/573\/revisions\/2856"}],"wp:attachment":[{"href":"https:\/\/www.mali-medicaments.org\/index.php?rest_route=%2Fwp%2Fv2%2Fmedia&parent=573"}],"wp:term":[{"taxonomy":"category","embeddable":true,"href":"https:\/\/www.mali-medicaments.org\/index.php?rest_route=%2Fwp%2Fv2%2Fcategories&post=573"},{"taxonomy":"post_tag","embeddable":true,"href":"https:\/\/www.mali-medicaments.org\/index.php?rest_route=%2Fwp%2Fv2%2Ftags&post=573"}],"curies":[{"name":"wp","href":"https:\/\/api.w.org\/{rel}","templated":true}]}}