{"id":262,"date":"2012-11-08T17:15:56","date_gmt":"2012-11-08T15:15:56","guid":{"rendered":"http:\/\/www.mali-medicaments.org\/?p=262"},"modified":"2020-03-27T10:36:17","modified_gmt":"2020-03-27T09:36:17","slug":"reportage-photos-des-4eme-assises-yvelinoises-le-13102012","status":"publish","type":"post","link":"https:\/\/www.mali-medicaments.org\/?p=262","title":{"rendered":"Reportage photos des 4\u00e8me Assises Yvelinoises le 13\/10\/2012"},"content":{"rendered":"<p><strong>Quelques illustrations de la journ\u00e9e:<\/strong><\/p>\n<p><em>Jean Marc, tr\u00e9sorier de Mali-M\u00e9dicaments dans le hall d&rsquo;entr\u00e9e,<\/em><\/p>\n<p><em>Interview de Dominique, vice-pr\u00e9sident par les petits reporters du <a href=\"http:\/\/www.clg-vivonne-rambouillet.ac-versailles.fr\/\" target=\"_blank\" rel=\"noopener noreferrer\">coll\u00e8ge Catherine de Vivonne <\/a>devant le stand de Mali-M\u00e9dicaments.<\/em><\/p>\n<p><a href=\"http:\/\/www.mali-medicaments.org\/wp-content\/uploads\/2012\/10\/P1030894.jpg\" rel=\"lightbox[262]\"><img loading=\"lazy\" decoding=\"async\" class=\"alignnone size-medium wp-image-263\" title=\"Hall d'entr\u00e9e, Jean Marc le tr\u00e9sorier de Mali-M\u00e9dicaments\" src=\"https:\/\/www.mali-medicaments.org\/wp-content\/uploads\/2012\/10\/P1030894-225x300.jpg\" alt=\"\" width=\"225\" height=\"300\" srcset=\"https:\/\/www.mali-medicaments.org\/wp-content\/uploads\/2012\/10\/P1030894-225x300.jpg 225w, https:\/\/www.mali-medicaments.org\/wp-content\/uploads\/2012\/10\/P1030894-768x1024.jpg 768w\" sizes=\"auto, (max-width: 225px) 100vw, 225px\" \/><\/a><a href=\"http:\/\/www.mali-medicaments.org\/wp-content\/uploads\/2012\/10\/P1030930.jpg\" rel=\"lightbox[262]\"><img loading=\"lazy\" decoding=\"async\" class=\"alignnone size-medium wp-image-264\" title=\"Interview de Dominique, vice-pr\u00e9sident Mali-M\u00e9dicaments\" src=\"https:\/\/www.mali-medicaments.org\/wp-content\/uploads\/2012\/10\/P1030930-300x225.jpg\" alt=\"\" width=\"300\" height=\"225\" srcset=\"https:\/\/www.mali-medicaments.org\/wp-content\/uploads\/2012\/10\/P1030930-300x225.jpg 300w, https:\/\/www.mali-medicaments.org\/wp-content\/uploads\/2012\/10\/P1030930-1024x768.jpg 1024w\" sizes=\"auto, (max-width: 300px) 100vw, 300px\" \/><\/a><\/p>\n<p>&nbsp;<\/p>\n<p><strong>Apr\u00e8s cet avant go\u00f9t, a vous de choisir les photos que vous d\u00e9sirez visionner:<\/strong><\/p>\n<p>\u25ca&nbsp;<a href=\"http:\/\/www.mali-medicaments.org\/wp-content\/uploads\/2012\/10\/ambassadeur-larcher-tetars1.pdf\">Ambassadeur du Mali, SEM Aboubacar Sidiki TOURE, ex Pr\u00e9sident du S\u00e9nat, Maire de CG 78, TETARD Jean -Marie<\/a><\/p>\n<p>\u25ca&nbsp;<a href=\"http:\/\/www.mali-medicaments.org\/wp-content\/uploads\/2012\/10\/atelier.pdf\">Un des ateliers<\/a><\/p>\n<p>\u25ca&nbsp;<a href=\"http:\/\/www.mali-medicaments.org\/wp-content\/uploads\/2012\/10\/clotilde-smith.pdf\">Visite des stands par le Pr\u00e9sident du CG 78, Alain SCHMITZ accompagn\u00e9 de Clotilde NEELS AHOUANSOU<\/a><\/p>\n<p>\u25ca&nbsp;<a href=\"http:\/\/www.mali-medicaments.org\/wp-content\/uploads\/2012\/10\/visite-stand-president.pdf\">Poursuite de la visite par le Pr\u00e9sident CG 78, Alain SCHMITZ<\/a><\/p>\n<p>\u25ca&nbsp;<a href=\"http:\/\/www.mali-medicaments.org\/wp-content\/uploads\/2012\/10\/officiel-liban.pdf\">M.Nouhad NAUFAL, Pr\u00e9sident de la F\u00e9d\u00e9ration des municipalit\u00e9s du Kesrouan-Ftouth<\/a><\/p>\n<p>\u25ca&nbsp;<a href=\"http:\/\/www.mali-medicaments.org\/wp-content\/uploads\/2012\/10\/prix-charte.pdf\">Remise du Prix de la Charte yvelinoise pour la qualit\u00e9 des projets de solidarit\u00e9 internationale par Jean-Marie TETARD, vice Pr\u00e9sident du CG 78<\/a><\/p>\n<p>\u25ca&nbsp;<a href=\"http:\/\/www.mali-medicaments.org\/wp-content\/uploads\/2012\/10\/caf\u00e9-viennoiserie.pdf\">Caf\u00e9 de bienvenue<\/a><\/p>\n<p>\u25ca&nbsp;<a href=\"http:\/\/www.mali-medicaments.org\/wp-content\/uploads\/2012\/10\/mosaique-guerif.pdf\">Stand viennoiserie d\u00e9cor\u00e9e par les \u00e9l\u00e8ves de 3\u00e8me du coll\u00e8ge catherine de Vivonne, mosa\u00efque rappelant l&rsquo;art libanais<\/a><\/p>\n<p>\u25ca&nbsp;<a href=\"http:\/\/www.mali-medicaments.org\/wp-content\/uploads\/2012\/10\/le-bris.pdf\">Remise d&rsquo;un \u00ab\u00a0cartable personnalis\u00e9\u00a0\u00bb (art local traditionnel) \u00e0 Monsieur LEBRIS C\u00e9dric, responsable du service solidarit\u00e9 internationnale par une d\u00e9l\u00e9gation congolaise<\/a><\/p>\n<p><a href=\"http:\/\/www.mali-medicaments.org\/wp-content\/uploads\/2012\/10\/mains.jpg\" rel=\"lightbox[262]\"><img loading=\"lazy\" decoding=\"async\" class=\"size-medium wp-image-292 aligncenter\" title=\"Photo ou  symbol de la journ\u00e9e\" src=\"https:\/\/www.mali-medicaments.org\/wp-content\/uploads\/2012\/10\/mains-300x225.jpg\" alt=\"\" width=\"300\" height=\"225\" srcset=\"https:\/\/www.mali-medicaments.org\/wp-content\/uploads\/2012\/10\/mains-300x225.jpg 300w, https:\/\/www.mali-medicaments.org\/wp-content\/uploads\/2012\/10\/mains-1024x768.jpg 1024w\" sizes=\"auto, (max-width: 300px) 100vw, 300px\" \/><\/a><\/p>\n<p><strong>Et pour conclure ce diaporama, une photo symbolisant bien l&rsquo;esprit de la journ\u00e9e.<\/strong><\/p>\n<p><strong>&nbsp;&nbsp;&nbsp;&nbsp;&nbsp;&nbsp;&nbsp;&nbsp;&nbsp;&nbsp;&nbsp;&nbsp;&nbsp;&nbsp;&nbsp;&nbsp;&nbsp;&nbsp;&nbsp;&nbsp;&nbsp;&nbsp;&nbsp;&nbsp;&nbsp;&nbsp;&nbsp;&nbsp;&nbsp;&nbsp;&nbsp;&nbsp;&nbsp;&nbsp;&nbsp;&nbsp;&nbsp;&nbsp;&nbsp;&nbsp;&nbsp;&nbsp;&nbsp;&nbsp;&nbsp;&nbsp;&nbsp;&nbsp;&nbsp;&nbsp;&nbsp;&nbsp;&nbsp;&nbsp;&nbsp;&nbsp;&nbsp;&nbsp;&nbsp;&nbsp;&nbsp;&nbsp;&nbsp;&nbsp;&nbsp;&nbsp;&nbsp;&nbsp;&nbsp;&nbsp;&nbsp;&nbsp;&nbsp;<em>&nbsp;\u00ab\u00a0A tout moment&#8230;.\u00a0\u00bb<\/em><\/strong><\/p>\n<p>&#8212;&#8212;-&gt; <a href=\"https:\/\/www.mali-medicaments.org\/?p=2844\"><strong><em>Retour sommaire: Y-CID = Partenaire <\/em><\/strong><\/a>&#8212;&#8212;&#8212;-&gt;<\/p>\n<p><strong>&nbsp;<\/strong>\u2014\u2014\u2014\u2014\u2014\u2014\u2014\u2014\u2014\u2014\u2013&gt;&nbsp;<a href=\"https:\/\/www.mali-medicaments.org\/\"><strong><em>Retour \u00ab&nbsp;Page d\u2019Accueil&nbsp;\u00bb<\/em><\/strong><\/a>&nbsp;\u2014\u2014\u2014\u2014\u2014\u2014\u2014\u2013&gt;<\/p>\n<p>&nbsp;<\/p>\n<p>&nbsp;<\/p>\n<p>&nbsp;<\/p>\n<p>&nbsp;<\/p>\n<p>&nbsp;<\/p>\n<p>&nbsp;<\/p>\n<p>&nbsp;<\/p>\n<p>&nbsp;<\/p>\n<p>&nbsp;<\/p>\n","protected":false},"excerpt":{"rendered":"<p>Quelques illustrations de la journ\u00e9e: Jean Marc, tr\u00e9sorier de Mali-M\u00e9dicaments dans le hall d&rsquo;entr\u00e9e, Interview de Dominique, vice-pr\u00e9sident par les petits reporters du coll\u00e8ge Catherine de Vivonne devant le stand de Mali-M\u00e9dicaments. &nbsp; Apr\u00e8s cet avant go\u00f9t, a vous de choisir les photos que vous d\u00e9sirez visionner: \u25ca&nbsp;Ambassadeur du Mali, SEM Aboubacar Sidiki TOURE, ex &hellip; <\/p>\n<p class=\"link-more\"><a href=\"https:\/\/www.mali-medicaments.org\/?p=262\" class=\"more-link\">Continuer la lecture<span class=\"screen-reader-text\"> de &laquo;&nbsp;Reportage photos des 4\u00e8me Assises Yvelinoises le 13\/10\/2012&nbsp;&raquo;<\/span><\/a><\/p>\n","protected":false},"author":3,"featured_media":0,"comment_status":"open","ping_status":"open","sticky":false,"template":"","format":"standard","meta":{"ngg_post_thumbnail":0,"footnotes":""},"categories":[15,78],"tags":[16],"class_list":["post-262","post","type-post","status-publish","format-standard","hentry","category-journee-evenementielle-manifestations-assises-du-78","category-y-cid","tag-assises"],"_links":{"self":[{"href":"https:\/\/www.mali-medicaments.org\/index.php?rest_route=\/wp\/v2\/posts\/262","targetHints":{"allow":["GET"]}}],"collection":[{"href":"https:\/\/www.mali-medicaments.org\/index.php?rest_route=\/wp\/v2\/posts"}],"about":[{"href":"https:\/\/www.mali-medicaments.org\/index.php?rest_route=\/wp\/v2\/types\/post"}],"author":[{"embeddable":true,"href":"https:\/\/www.mali-medicaments.org\/index.php?rest_route=\/wp\/v2\/users\/3"}],"replies":[{"embeddable":true,"href":"https:\/\/www.mali-medicaments.org\/index.php?rest_route=%2Fwp%2Fv2%2Fcomments&post=262"}],"version-history":[{"count":17,"href":"https:\/\/www.mali-medicaments.org\/index.php?rest_route=\/wp\/v2\/posts\/262\/revisions"}],"predecessor-version":[{"id":2865,"href":"https:\/\/www.mali-medicaments.org\/index.php?rest_route=\/wp\/v2\/posts\/262\/revisions\/2865"}],"wp:attachment":[{"href":"https:\/\/www.mali-medicaments.org\/index.php?rest_route=%2Fwp%2Fv2%2Fmedia&parent=262"}],"wp:term":[{"taxonomy":"category","embeddable":true,"href":"https:\/\/www.mali-medicaments.org\/index.php?rest_route=%2Fwp%2Fv2%2Fcategories&post=262"},{"taxonomy":"post_tag","embeddable":true,"href":"https:\/\/www.mali-medicaments.org\/index.php?rest_route=%2Fwp%2Fv2%2Ftags&post=262"}],"curies":[{"name":"wp","href":"https:\/\/api.w.org\/{rel}","templated":true}]}}