{"id":2164,"date":"2017-12-19T13:47:53","date_gmt":"2017-12-19T12:47:53","guid":{"rendered":"https:\/\/www.mali-medicaments.org\/?p=2164"},"modified":"2020-03-30T17:24:19","modified_gmt":"2020-03-30T15:24:19","slug":"journee-evenementielle-du-3-fevrier-2018-3-mali-medicaments-luttent-contre-les-maladie-hydriques","status":"publish","type":"post","link":"https:\/\/www.mali-medicaments.org\/?p=2164","title":{"rendered":"Journ\u00e9e \u00e9v\u00e9nementielle du 3 f\u00e9vrier 2018: Mali-M\u00e9dicaments lutte contre les maladie hydriques\u00a0\u00bb"},"content":{"rendered":"<p><u><b>Journ\u00e9e \u00e9v\u00e9nementielle&nbsp;: \u00ab&nbsp;<\/b><em style=\"font-weight: bold;\">Lutte contre les maladies hydriques en pays Dogon&nbsp;<\/em><b>\u00bb, Samedi 3 f\u00e9vrier 2018, au Nickel Od\u00e9on \u00e0 Rambouillet<\/b><\/u><\/p>\n<p><em>&nbsp;<\/em>Cette journ\u00e9e \u00e9tait r\u00e9f\u00e9renc\u00e9e comme \u00ab&nbsp;<em>Journ\u00e9e d\u2019animation du territoire yvelinois<\/em>&nbsp;\u00bb, au titre de la convention de partenariat pass\u00e9e avec le groupement d\u2019Int\u00e9r\u00eat Public <strong><span style=\"color: #000080;\"><a style=\"color: #000080;\" href=\"http:\/\/www.yvelines.fr\/coopinter\">Y-CID<\/a><\/span>,<\/strong> (<em>Yvelines Coop\u00e9ration Internationale et D\u00e9veloppement<\/em>). Le projet consistait en la r\u00e9alisation de deux puits, Peloudouro et Samani-dogon, d\u2019un ouvrage d\u2019assainissement permettant la lutte contre les maladies hydriques \u00e0 Timessogou, de latrines dans trois \u00e9coles, de formation au bon emploi de l\u2019eau, aux r\u00e8gles d\u2019hygi\u00e8ne, le tout au Mali, dans la r\u00e9gion rurale Dogon.<\/p>\n<p>Elle est le fruit aussi du partenariat avec la ville de Rambouillet et la chorale <em>\u00ab<span style=\"color: #000080;\">&nbsp;<strong><a style=\"color: #000080;\" href=\"http:\/\/www.pleiade.asso.fr\/93-association?start=10\">Les ch\u0153urs de la Pl\u00e9iade<\/a><\/strong><\/span><\/em><strong><span style=\"color: #000080;\">&nbsp;<\/span>\u00bb<\/strong> qui ont chant\u00e9 au profit de notre association, Mali-M\u00e9dicaments.<\/p>\n<p><b><i>\u21d2 Affiche de la manifestation:<\/i><\/b><\/p>\n<p><a href=\"https:\/\/www.mali-medicaments.org\/wp-content\/uploads\/2017\/12\/afficheXdefXevenemntX3Xfev.png\" rel=\"lightbox[2164]\"><img loading=\"lazy\" decoding=\"async\" class=\"alignnone size-full wp-image-2165\" src=\"https:\/\/www.mali-medicaments.org\/wp-content\/uploads\/2017\/12\/afficheXdefXevenemntX3Xfev.png\" alt=\"\" width=\"687\" height=\"965\" srcset=\"https:\/\/www.mali-medicaments.org\/wp-content\/uploads\/2017\/12\/afficheXdefXevenemntX3Xfev.png 687w, https:\/\/www.mali-medicaments.org\/wp-content\/uploads\/2017\/12\/afficheXdefXevenemntX3Xfev-214x300.png 214w\" sizes=\"auto, (max-width: 687px) 100vw, 687px\" \/><\/a><\/p>\n<p><!--more--><\/p>\n<p><strong>\u21d2 Communiqu\u00e9 de presse, remerciements \u00e0 l&rsquo;issue de cet \u00e9v\u00e9nement:<\/strong><\/p>\n<p>\u00ab&nbsp;Au nom de l\u2019association, de nos amis maliens et \u00e0 titre personnel, un grand merci pour l\u2019 aide pr\u00e9cieuse \u00e0 la r\u00e9alisation de la manifestation du 3 f\u00e9vrier 2018 au Nickel Od\u00e9on, un bel exemple de coop\u00e9ration et de partenariat&nbsp;! Un grand merci pour la salle, pour &nbsp;l\u2019aide logistique \u00e0 la municipalit\u00e9 de Rambouillet. Cet \u00e9v\u00e9nement, par ailleurs, avait aussi pour vocation l\u2019illustration de nos actions et r\u00e9alisations en collaboration avec Y-CID, Yvelines Coop\u00e9ration Internationale et D\u00e9veloppement.<\/p>\n<p>Nous ne pouvons que regretter le peu de public, une cinquantaine de personnes en soir\u00e9e, et pourtant ce n\u2019est pas faute d\u2019avoir communiqu\u00e9, mais les amateurs dans la salle de ce concert ont appr\u00e9ci\u00e9 la qualit\u00e9 de la prestation et pour ma part, je n\u2019ai recueilli que des louanges. Bravo au Ch\u0153ur de la Pl\u00e9iade et \u00e0 tous les acteurs&nbsp;et partenaires!<\/p>\n<p>De plus, au cours de l\u2019apr\u00e8s-midi, avant et apr\u00e8s le concert, beaucoup d\u2019int\u00e9r\u00eat pour l\u2019association, pour nos actions, a \u00e9t\u00e9 manifest\u00e9e ainsi que pour le devenir de ce pays et de sa population. Nous esp\u00e9rons avoir r\u00e9pondu aux questions et nous avons invit\u00e9 le public \u00e0 nous contacter \u00e9ventuellement pour obtenir d\u2019autres explications et donn\u00e9es suppl\u00e9mentaires ou \u00e0 consulter le site.<\/p>\n<p>Certains choristes, du fait de leurs professions nous ont propos\u00e9 du petit mat\u00e9riel m\u00e9dical de soins que nous acheminerons sur place, je crois que cela illustre bien l\u2019esprit de cette journ\u00e9e. Entre les entr\u00e9es, les objets d\u2019artisanat dogon vendus et un don d\u00e9fiscalis\u00e9, nous avons r\u00e9alis\u00e9s une recette de 856.50\u20ac.<\/p>\n<p>Si on applique notre slogan \u00ab<strong>&nbsp;<em>2\u20ac, c\u2019est 1 cm de puits creus\u00e9<\/em>&nbsp;\u00bb<\/strong>, la manifestation aura contribu\u00e9 au financement de 4.5 m pour le prochain projet de puits&nbsp;! Et ce gr\u00e2ce au concours plus particuli\u00e8rement de Madame CHRISTIENNE et de vos services Monsieur le Maire, Marc ROBERT.<\/p>\n<p>&#x2665;&#x2665;&#x2665;<strong> Une anecdote, mais porteuse d\u2019espoir au niveau de \u00ab\u00a0nos jeunes\u00a0\u00bb :<\/strong><\/p>\n<p>\u00ab&nbsp;<em>Deux jeunes filles, 11 ans, se sont pr\u00e9sent\u00e9es, en d\u00e9but d\u2019apr\u00e8s-midi, au Nickel Od\u00e9on, pour prendre des livres dans la \u00ab&nbsp;boite \u00e0 livres&nbsp;\u00bb situ\u00e9e \u00e0 l\u2019entr\u00e9e. Nous les avons invit\u00e9es \u00e0 &nbsp;visiter l\u2019exposition photos. Elles sont rest\u00e9es longuement, posant plein de questions. Elles sont rentr\u00e9es chez elles pour solliciter l\u2019autorisation d\u2019assister \u00e0 la conf\u00e9rence \u2013 d\u00e9bat \u00e0 15 h30. Elles n\u2019ont pas perdu une \u00ab&nbsp;miette d\u2019explications&nbsp;\u00bb et n\u2019ont pas h\u00e9sit\u00e9 \u00e0 demander des compl\u00e9ments par rapport \u00e0 telle ou telle vignette du Powerpoint pr\u00e9sent\u00e9.<\/em><\/p>\n<p><em>Elles sont revenues le soir assister au concert, habill\u00e9es \u00e0 l\u2019africaine&nbsp;! <\/em><\/p>\n<p><em>Pour saluer leurs constances et int\u00e9r\u00eats, nous leur avons demand\u00e9 de remettre le collier africain offert par l\u2019association \u00e0 la chef de ch\u0153ur.&nbsp;<\/em>\u00bb&nbsp;&#x2665;&#x2665;&#x2665;<\/p>\n<p><strong>Succ\u00e8s donc au niveau des contacts, des diff\u00e9rents partenariats, Ville de Rambouillet, Les Ch\u0153urs de la Pl\u00e9iade et encore merci \u00e0 toute l\u2019\u00e9quipe, \u00e0 cette structure particuli\u00e8re qu\u2019est Y-CID, pour avoir contribuer \u00e0 la r\u00e9alisation, \u00e0 l\u2019aboutissement du projet&nbsp;\u00abMali-M\u00e9dicaments lutte contre les maladies hydriques&nbsp;\u00bb. Deux nouveaux puits modernes \u00e0 grand diam\u00e8tres, 4 \u00e9coles suppl\u00e9mentaires \u00e9quip\u00e9es de latrines, un canal d\u2019assainissement, de la formation \u00e0 l\u2019hygi\u00e8ne, \u00e0 la dispense des premiers soins, sont \u00e0 verser, une nouvelle fois, \u00e0 l\u2019actif de cette collaboration.&nbsp;\u00bb<\/strong><\/p>\n<p><em>Un espace architectural id\u00e9al pour une exposition:<\/em><\/p>\n<p><a href=\"https:\/\/www.mali-medicaments.org\/wp-content\/uploads\/2017\/12\/20180203_144055X-XCopie.jpg\" rel=\"lightbox[2164]\"><img loading=\"lazy\" decoding=\"async\" class=\"alignnone size-thumbnail wp-image-2205\" src=\"https:\/\/www.mali-medicaments.org\/wp-content\/uploads\/2017\/12\/20180203_144055X-XCopie-150x150.jpg\" alt=\"\" width=\"150\" height=\"150\" srcset=\"https:\/\/www.mali-medicaments.org\/wp-content\/uploads\/2017\/12\/20180203_144055X-XCopie-150x150.jpg 150w, https:\/\/www.mali-medicaments.org\/wp-content\/uploads\/2017\/12\/20180203_144055X-XCopie-100x100.jpg 100w\" sizes=\"auto, (max-width: 150px) 100vw, 150px\" \/><\/a>&nbsp;<a href=\"https:\/\/www.mali-medicaments.org\/wp-content\/uploads\/2017\/12\/20180203_180357X-XCopie.jpg\" rel=\"lightbox[2164]\"><img loading=\"lazy\" decoding=\"async\" class=\"alignnone size-thumbnail wp-image-2206\" src=\"https:\/\/www.mali-medicaments.org\/wp-content\/uploads\/2017\/12\/20180203_180357X-XCopie-150x150.jpg\" alt=\"\" width=\"150\" height=\"150\" srcset=\"https:\/\/www.mali-medicaments.org\/wp-content\/uploads\/2017\/12\/20180203_180357X-XCopie-150x150.jpg 150w, https:\/\/www.mali-medicaments.org\/wp-content\/uploads\/2017\/12\/20180203_180357X-XCopie-100x100.jpg 100w\" sizes=\"auto, (max-width: 150px) 100vw, 150px\" \/>&nbsp;<\/a><a href=\"https:\/\/www.mali-medicaments.org\/wp-content\/uploads\/2017\/12\/P1020996X-XCopie.jpg\" rel=\"lightbox[2164]\"><img loading=\"lazy\" decoding=\"async\" class=\"alignnone size-thumbnail wp-image-2216\" src=\"https:\/\/www.mali-medicaments.org\/wp-content\/uploads\/2017\/12\/P1020996X-XCopie-150x150.jpg\" alt=\"\" width=\"150\" height=\"150\" srcset=\"https:\/\/www.mali-medicaments.org\/wp-content\/uploads\/2017\/12\/P1020996X-XCopie-150x150.jpg 150w, https:\/\/www.mali-medicaments.org\/wp-content\/uploads\/2017\/12\/P1020996X-XCopie-100x100.jpg 100w\" sizes=\"auto, (max-width: 150px) 100vw, 150px\" \/><\/a><a href=\"https:\/\/www.mali-medicaments.org\/wp-content\/uploads\/2017\/12\/20180203_180357X-XCopie.jpg\" rel=\"lightbox[2164]\">&nbsp;<\/a><\/p>\n<p><a href=\"https:\/\/www.mali-medicaments.org\/wp-content\/uploads\/2017\/12\/20180203_143946X-XCopie.jpg\" rel=\"lightbox[2164]\"><img loading=\"lazy\" decoding=\"async\" class=\"alignnone size-full wp-image-2207\" src=\"https:\/\/www.mali-medicaments.org\/wp-content\/uploads\/2017\/12\/20180203_143946X-XCopie.jpg\" alt=\"\" width=\"490\" height=\"653\" srcset=\"https:\/\/www.mali-medicaments.org\/wp-content\/uploads\/2017\/12\/20180203_143946X-XCopie.jpg 490w, https:\/\/www.mali-medicaments.org\/wp-content\/uploads\/2017\/12\/20180203_143946X-XCopie-225x300.jpg 225w\" sizes=\"auto, (max-width: 490px) 100vw, 490px\" \/><\/a><\/p>\n<p><em>Mali-M\u00e9dicaments, de gauche \u00e0 droite, Catherine PELRAS, membre du CA et pharmacienne, Dominique VERRIEN qui fut vice-pr\u00e9sident pendant 40 ans, Alain DURAND, membre du CA, Jean Claude BEUF, le Pr\u00e9sident, Jean Marc GILANT, le tr\u00e9sorier et pour terminer le Directeur d\u2019Y-CID repr\u00e9sentant le GIP et le D\u00e9partement, Monsieur C\u00e9dric LE BRIS<\/em><\/p>\n<p><a href=\"https:\/\/www.mali-medicaments.org\/wp-content\/uploads\/2017\/12\/P1020995X-XCopie.jpg\" rel=\"lightbox[2164]\"><img loading=\"lazy\" decoding=\"async\" class=\"alignnone size-medium wp-image-2217\" src=\"https:\/\/www.mali-medicaments.org\/wp-content\/uploads\/2017\/12\/P1020995X-XCopie-300x225.jpg\" alt=\"\" width=\"300\" height=\"225\" srcset=\"https:\/\/www.mali-medicaments.org\/wp-content\/uploads\/2017\/12\/P1020995X-XCopie-300x225.jpg 300w, https:\/\/www.mali-medicaments.org\/wp-content\/uploads\/2017\/12\/P1020995X-XCopie-768x576.jpg 768w, https:\/\/www.mali-medicaments.org\/wp-content\/uploads\/2017\/12\/P1020995X-XCopie.jpg 922w\" sizes=\"auto, (max-width: 300px) 100vw, 300px\" \/>&nbsp;<\/a><a href=\"https:\/\/www.mali-medicaments.org\/wp-content\/uploads\/2017\/12\/PART_1517934027183_resized.jpg\" rel=\"lightbox[2164]\"><img loading=\"lazy\" decoding=\"async\" class=\"alignnone size-thumbnail wp-image-2228\" src=\"https:\/\/www.mali-medicaments.org\/wp-content\/uploads\/2017\/12\/PART_1517934027183_resized-150x150.jpg\" alt=\"\" width=\"150\" height=\"150\" srcset=\"https:\/\/www.mali-medicaments.org\/wp-content\/uploads\/2017\/12\/PART_1517934027183_resized-150x150.jpg 150w, https:\/\/www.mali-medicaments.org\/wp-content\/uploads\/2017\/12\/PART_1517934027183_resized-100x100.jpg 100w\" sizes=\"auto, (max-width: 150px) 100vw, 150px\" \/><\/a><\/p>\n<p>\u21d2\u21d2\u21d2 le Power Point:&nbsp;<span style=\"color: #0000ff;\"><strong><a style=\"color: #0000ff;\" href=\"https:\/\/www.mali-medicaments.org\/wp-content\/uploads\/2017\/12\/PrXXsentationXlutteXcontreXlesXmaladiesXhydriques.pdf\">Mali-M\u00e9dicaments lutte contre les maladies hydriques<\/a>.<\/strong><\/span><\/p>\n<p><em>Fin de notre pause repas avant le concert, merci \u00e0 notre \u00ab\u00a0chef cuistot\u00a0\u00bb, Alain, pour \u00ab\u00a0son rago\u00fbt&nbsp;de termites\u00a0\u00bb&nbsp; Tr\u00e8s appr\u00e9ci\u00e9 !!!<\/em><\/p>\n<p><a href=\"https:\/\/www.mali-medicaments.org\/wp-content\/uploads\/2017\/12\/P1020992X-XCopie.jpg\" rel=\"lightbox[2164]\"><img loading=\"lazy\" decoding=\"async\" class=\"size-medium wp-image-2218 alignleft\" src=\"https:\/\/www.mali-medicaments.org\/wp-content\/uploads\/2017\/12\/P1020992X-XCopie-300x225.jpg\" alt=\"\" width=\"300\" height=\"225\" srcset=\"https:\/\/www.mali-medicaments.org\/wp-content\/uploads\/2017\/12\/P1020992X-XCopie-300x225.jpg 300w, https:\/\/www.mali-medicaments.org\/wp-content\/uploads\/2017\/12\/P1020992X-XCopie-768x576.jpg 768w, https:\/\/www.mali-medicaments.org\/wp-content\/uploads\/2017\/12\/P1020992X-XCopie.jpg 922w\" sizes=\"auto, (max-width: 300px) 100vw, 300px\" \/><\/a><\/p>\n<p><em>&lsquo;Nos deux passionn\u00e9es !\u00a0\u00bb<\/em><\/p>\n<p><a href=\"https:\/\/www.mali-medicaments.org\/wp-content\/uploads\/2017\/12\/P1020998X-XCopie.jpg\" rel=\"lightbox[2164]\"><img loading=\"lazy\" decoding=\"async\" class=\"alignnone size-full wp-image-2215\" src=\"https:\/\/www.mali-medicaments.org\/wp-content\/uploads\/2017\/12\/P1020998X-XCopie.jpg\" alt=\"\" width=\"922\" height=\"692\" srcset=\"https:\/\/www.mali-medicaments.org\/wp-content\/uploads\/2017\/12\/P1020998X-XCopie.jpg 922w, https:\/\/www.mali-medicaments.org\/wp-content\/uploads\/2017\/12\/P1020998X-XCopie-300x225.jpg 300w, https:\/\/www.mali-medicaments.org\/wp-content\/uploads\/2017\/12\/P1020998X-XCopie-768x576.jpg 768w\" sizes=\"auto, (max-width: 767px) 89vw, (max-width: 1000px) 54vw, (max-width: 1071px) 543px, 580px\" \/><\/a><\/p>\n<p>La programmation du concert \u00e9tait en 3 parties, conduite par la chef de ch\u0153ur Gabriella BODA-RECHNER :<br>1. Chants de l&rsquo;espoir<br>2. Cantate pour la Paix, de Bernard Lallement<br>3. Joie dans le Monde<\/p>\n<p><em><strong>\u21d2 Affiche du concert:<\/strong><\/em><\/p>\n<p><a href=\"https:\/\/www.mali-medicaments.org\/wp-content\/uploads\/2017\/12\/Affiche-20180203-01.jpg\" rel=\"lightbox[2164]\"><img loading=\"lazy\" decoding=\"async\" class=\"alignnone size-large wp-image-2166\" src=\"https:\/\/www.mali-medicaments.org\/wp-content\/uploads\/2017\/12\/Affiche-20180203-01-724x1024.jpg\" alt=\"\" width=\"525\" height=\"743\" srcset=\"https:\/\/www.mali-medicaments.org\/wp-content\/uploads\/2017\/12\/Affiche-20180203-01-724x1024.jpg 724w, https:\/\/www.mali-medicaments.org\/wp-content\/uploads\/2017\/12\/Affiche-20180203-01-212x300.jpg 212w, https:\/\/www.mali-medicaments.org\/wp-content\/uploads\/2017\/12\/Affiche-20180203-01-768x1086.jpg 768w, https:\/\/www.mali-medicaments.org\/wp-content\/uploads\/2017\/12\/Affiche-20180203-01.jpg 794w\" sizes=\"auto, (max-width: 525px) 100vw, 525px\" \/><\/a><\/p>\n<p><em>Les Ch\u0153urs de La Pl\u00e9iade:<\/em><\/p>\n<p><a href=\"https:\/\/www.mali-medicaments.org\/wp-content\/uploads\/2017\/12\/PART_1517933964542_resized.jpg\" rel=\"lightbox[2164]\"><img loading=\"lazy\" decoding=\"async\" class=\"size-medium wp-image-2229 alignleft\" src=\"https:\/\/www.mali-medicaments.org\/wp-content\/uploads\/2017\/12\/PART_1517933964542_resized-225x300.jpg\" alt=\"\" width=\"225\" height=\"300\" srcset=\"https:\/\/www.mali-medicaments.org\/wp-content\/uploads\/2017\/12\/PART_1517933964542_resized-225x300.jpg 225w, https:\/\/www.mali-medicaments.org\/wp-content\/uploads\/2017\/12\/PART_1517933964542_resized.jpg 353w\" sizes=\"auto, (max-width: 225px) 100vw, 225px\" \/><\/a><\/p>\n<p><em>Mme GRALL Anne, Pr\u00e9sidente des Choeurs de la Pl\u00e9iade, M BEUF Jean Claude, Pr\u00e9sident de Mali-M\u00e9dicaments: discours d&rsquo;introduction, remerciements,&#8230;<\/em><\/p>\n<p><a href=\"https:\/\/www.mali-medicaments.org\/wp-content\/uploads\/2017\/12\/P1030002X-XCopie.jpg\" rel=\"lightbox[2164]\"><img loading=\"lazy\" decoding=\"async\" class=\"alignnone size-medium wp-image-2208\" src=\"https:\/\/www.mali-medicaments.org\/wp-content\/uploads\/2017\/12\/P1030002X-XCopie-300x225.jpg\" alt=\"\" width=\"300\" height=\"225\" srcset=\"https:\/\/www.mali-medicaments.org\/wp-content\/uploads\/2017\/12\/P1030002X-XCopie-300x225.jpg 300w, https:\/\/www.mali-medicaments.org\/wp-content\/uploads\/2017\/12\/P1030002X-XCopie-768x576.jpg 768w, https:\/\/www.mali-medicaments.org\/wp-content\/uploads\/2017\/12\/P1030002X-XCopie.jpg 922w\" sizes=\"auto, (max-width: 300px) 100vw, 300px\" \/><\/a>&nbsp;<a href=\"https:\/\/www.mali-medicaments.org\/wp-content\/uploads\/2017\/12\/P1030006X-XCopie.jpg\" rel=\"lightbox[2164]\"><img loading=\"lazy\" decoding=\"async\" class=\"alignnone size-thumbnail wp-image-2209\" src=\"https:\/\/www.mali-medicaments.org\/wp-content\/uploads\/2017\/12\/P1030006X-XCopie-150x150.jpg\" alt=\"\" width=\"150\" height=\"150\" srcset=\"https:\/\/www.mali-medicaments.org\/wp-content\/uploads\/2017\/12\/P1030006X-XCopie-150x150.jpg 150w, https:\/\/www.mali-medicaments.org\/wp-content\/uploads\/2017\/12\/P1030006X-XCopie-100x100.jpg 100w\" sizes=\"auto, (max-width: 150px) 100vw, 150px\" \/><\/a><\/p>\n<p><a href=\"https:\/\/www.mali-medicaments.org\/wp-content\/uploads\/2017\/12\/P1030008X-XCopie.jpg\" rel=\"lightbox[2164]\"><img loading=\"lazy\" decoding=\"async\" class=\"alignnone size-thumbnail wp-image-2211\" src=\"https:\/\/www.mali-medicaments.org\/wp-content\/uploads\/2017\/12\/P1030008X-XCopie-150x150.jpg\" alt=\"\" width=\"150\" height=\"150\" srcset=\"https:\/\/www.mali-medicaments.org\/wp-content\/uploads\/2017\/12\/P1030008X-XCopie-150x150.jpg 150w, https:\/\/www.mali-medicaments.org\/wp-content\/uploads\/2017\/12\/P1030008X-XCopie-100x100.jpg 100w\" sizes=\"auto, (max-width: 150px) 100vw, 150px\" \/><\/a><a href=\"https:\/\/www.mali-medicaments.org\/wp-content\/uploads\/2017\/12\/P1030007X-XCopie.jpg\" rel=\"lightbox[2164]\">&nbsp;<img loading=\"lazy\" decoding=\"async\" class=\"alignnone size-medium wp-image-2210\" src=\"https:\/\/www.mali-medicaments.org\/wp-content\/uploads\/2017\/12\/P1030007X-XCopie-300x225.jpg\" alt=\"\" width=\"300\" height=\"225\" srcset=\"https:\/\/www.mali-medicaments.org\/wp-content\/uploads\/2017\/12\/P1030007X-XCopie-300x225.jpg 300w, https:\/\/www.mali-medicaments.org\/wp-content\/uploads\/2017\/12\/P1030007X-XCopie-768x576.jpg 768w, https:\/\/www.mali-medicaments.org\/wp-content\/uploads\/2017\/12\/P1030007X-XCopie.jpg 922w\" sizes=\"auto, (max-width: 300px) 100vw, 300px\" \/><\/a><\/p>\n<p><em>Photo de droite, au 2\u00e8me rang et en 2\u00e8me position \u00e0 partir de la droite, Marie Claire BAGALINI, membre du CA de Mali-M\u00e9dicaments et membre du bureau des Ch\u0153urs de la Pl\u00e9iade: elle est \u00e0 l&rsquo;initiative de ce partenariat.<\/em><\/p>\n<p><a href=\"https:\/\/www.mali-medicaments.org\/wp-content\/uploads\/2017\/12\/P1030012X-XCopie.jpg\" rel=\"lightbox[2164]\"><img loading=\"lazy\" decoding=\"async\" class=\"alignnone size-medium wp-image-2212\" src=\"https:\/\/www.mali-medicaments.org\/wp-content\/uploads\/2017\/12\/P1030012X-XCopie-300x225.jpg\" alt=\"\" width=\"300\" height=\"225\" srcset=\"https:\/\/www.mali-medicaments.org\/wp-content\/uploads\/2017\/12\/P1030012X-XCopie-300x225.jpg 300w, https:\/\/www.mali-medicaments.org\/wp-content\/uploads\/2017\/12\/P1030012X-XCopie-768x576.jpg 768w, https:\/\/www.mali-medicaments.org\/wp-content\/uploads\/2017\/12\/P1030012X-XCopie.jpg 922w\" sizes=\"auto, (max-width: 300px) 100vw, 300px\" \/><\/a>&nbsp;<a href=\"https:\/\/www.mali-medicaments.org\/wp-content\/uploads\/2017\/12\/P1030013X-XCopie.jpg\" rel=\"lightbox[2164]\"><img loading=\"lazy\" decoding=\"async\" class=\"alignnone size-thumbnail wp-image-2213\" src=\"https:\/\/www.mali-medicaments.org\/wp-content\/uploads\/2017\/12\/P1030013X-XCopie-150x150.jpg\" alt=\"\" width=\"150\" height=\"150\" srcset=\"https:\/\/www.mali-medicaments.org\/wp-content\/uploads\/2017\/12\/P1030013X-XCopie-150x150.jpg 150w, https:\/\/www.mali-medicaments.org\/wp-content\/uploads\/2017\/12\/P1030013X-XCopie-100x100.jpg 100w\" sizes=\"auto, (max-width: 150px) 100vw, 150px\" \/><\/a><\/p>\n<p><em>Un pot tr\u00e8s appr\u00e9ci\u00e9 et beaucoup de gourmands&nbsp;!!!! Il faut dire que les diff\u00e9rents g\u00e2teaux \u00e9taient d\u00e9licieux, merci aux cuisini\u00e8res.<\/em><\/p>\n<p><a href=\"https:\/\/www.mali-medicaments.org\/wp-content\/uploads\/2017\/12\/P1030015X-XCopie.jpg\" rel=\"lightbox[2164]\"><img loading=\"lazy\" decoding=\"async\" class=\"alignnone size-full wp-image-2214\" src=\"https:\/\/www.mali-medicaments.org\/wp-content\/uploads\/2017\/12\/P1030015X-XCopie.jpg\" alt=\"\" width=\"922\" height=\"692\" srcset=\"https:\/\/www.mali-medicaments.org\/wp-content\/uploads\/2017\/12\/P1030015X-XCopie.jpg 922w, https:\/\/www.mali-medicaments.org\/wp-content\/uploads\/2017\/12\/P1030015X-XCopie-300x225.jpg 300w, https:\/\/www.mali-medicaments.org\/wp-content\/uploads\/2017\/12\/P1030015X-XCopie-768x576.jpg 768w\" sizes=\"auto, (max-width: 767px) 89vw, (max-width: 1000px) 54vw, (max-width: 1071px) 543px, 580px\" \/><\/a><\/p>\n<p>&nbsp;<\/p>\n<p><strong>Un grand, grand merci aux membres de l\u2019association qui ont contribu\u00e9 de pr\u00e8s ou de loin \u00e0 ces beaux moments,<\/strong><\/p>\n<p><strong>A tout moment, le Pr\u00e9sident Jean Claude BEUF<\/strong><\/p>\n\n\n<p>&#8212;&#8212;&gt; <strong><em><a href=\"https:\/\/www.mali-medicaments.org\/?p=2887\">Retour rubrique sommaire \u00ab\u00a0Assainissement\u00a0\u00bb<\/a><\/em> <\/strong>&#8212;&#8211;&gt;<\/p>\n\n\n\n<p class=\"has-text-color has-very-dark-gray-color\"><em>&#8212;&#8212;&#8212;&#8212;<strong><a href=\"https:\/\/www.mali-medicaments.org\/?p=2904\">Retour rubrique \u00ab\u00a0Actions sanitaires\u00a0\u00bb<\/a><\/strong> &#8212;&#8212;&#8212;&#8212;&#8212;&#8212;-&gt;<\/em><\/p>\n\n\n\n<p><em>&#8212;-&gt;<a href=\"https:\/\/www.mali-medicaments.org\/?p=2925\"><strong> Retour rubrique \u00ab\u00a0Journ\u00e9es \u00e9v\u00e9nementielles\u00a0\u00bb<\/strong><\/a> &#8212;&#8212;&gt;<\/em><\/p>\n\n\n\n<p>\u2014\u2014\u2014&#8212;&#8212;-\u2014\u2014&gt;&nbsp;<a href=\"https:\/\/www.mali-medicaments.org\/\"><strong><em>Retour \u00ab&nbsp;Page d\u2019Accueil&nbsp;\u00bb<\/em><\/strong><\/a>&nbsp;\u2014&#8212;&#8212;&#8212;&#8212;&#8212;&#8212;&#8212;&#8212;&#8212;&#8212;&#8212;\u2014\u2014&gt;<\/p>\n","protected":false},"excerpt":{"rendered":"<p>Journ\u00e9e \u00e9v\u00e9nementielle&nbsp;: \u00ab&nbsp;Lutte contre les maladies hydriques en pays Dogon&nbsp;\u00bb, Samedi 3 f\u00e9vrier 2018, au Nickel Od\u00e9on \u00e0 Rambouillet &nbsp;Cette journ\u00e9e \u00e9tait r\u00e9f\u00e9renc\u00e9e comme \u00ab&nbsp;Journ\u00e9e d\u2019animation du territoire yvelinois&nbsp;\u00bb, au titre de la convention de partenariat pass\u00e9e avec le groupement d\u2019Int\u00e9r\u00eat Public Y-CID, (Yvelines Coop\u00e9ration Internationale et D\u00e9veloppement). Le projet consistait en la r\u00e9alisation de &hellip; <\/p>\n<p class=\"link-more\"><a href=\"https:\/\/www.mali-medicaments.org\/?p=2164\" class=\"more-link\">Continuer la lecture<span class=\"screen-reader-text\"> de &laquo;&nbsp;Journ\u00e9e \u00e9v\u00e9nementielle du 3 f\u00e9vrier 2018: Mali-M\u00e9dicaments lutte contre les maladie hydriques\u00a0\u00bb&nbsp;&raquo;<\/span><\/a><\/p>\n","protected":false},"author":3,"featured_media":0,"comment_status":"open","ping_status":"open","sticky":false,"template":"","format":"standard","meta":{"ngg_post_thumbnail":0,"footnotes":""},"categories":[58,15,7],"tags":[60,61,38,59,31,20],"class_list":["post-2164","post","type-post","status-publish","format-standard","hentry","category-assainissement","category-journee-evenementielle-manifestations-assises-du-78","category-nos-actions-sanitaires","tag-assainissement","tag-eaux-pluviales","tag-latrines","tag-maladies-hydriques","tag-puits","tag-sante"],"_links":{"self":[{"href":"https:\/\/www.mali-medicaments.org\/index.php?rest_route=\/wp\/v2\/posts\/2164","targetHints":{"allow":["GET"]}}],"collection":[{"href":"https:\/\/www.mali-medicaments.org\/index.php?rest_route=\/wp\/v2\/posts"}],"about":[{"href":"https:\/\/www.mali-medicaments.org\/index.php?rest_route=\/wp\/v2\/types\/post"}],"author":[{"embeddable":true,"href":"https:\/\/www.mali-medicaments.org\/index.php?rest_route=\/wp\/v2\/users\/3"}],"replies":[{"embeddable":true,"href":"https:\/\/www.mali-medicaments.org\/index.php?rest_route=%2Fwp%2Fv2%2Fcomments&post=2164"}],"version-history":[{"count":13,"href":"https:\/\/www.mali-medicaments.org\/index.php?rest_route=\/wp\/v2\/posts\/2164\/revisions"}],"predecessor-version":[{"id":2934,"href":"https:\/\/www.mali-medicaments.org\/index.php?rest_route=\/wp\/v2\/posts\/2164\/revisions\/2934"}],"wp:attachment":[{"href":"https:\/\/www.mali-medicaments.org\/index.php?rest_route=%2Fwp%2Fv2%2Fmedia&parent=2164"}],"wp:term":[{"taxonomy":"category","embeddable":true,"href":"https:\/\/www.mali-medicaments.org\/index.php?rest_route=%2Fwp%2Fv2%2Fcategories&post=2164"},{"taxonomy":"post_tag","embeddable":true,"href":"https:\/\/www.mali-medicaments.org\/index.php?rest_route=%2Fwp%2Fv2%2Ftags&post=2164"}],"curies":[{"name":"wp","href":"https:\/\/api.w.org\/{rel}","templated":true}]}}